{"id":10045,"date":"2022-10-26T15:03:00","date_gmt":"2022-10-26T13:03:00","guid":{"rendered":"https:\/\/www.sportsforfuture.de\/?p=10045"},"modified":"2023-10-19T12:06:31","modified_gmt":"2023-10-19T10:06:31","slug":"zu-gast-auf-der-pressekonferenz-von-snowboard-germany","status":"publish","type":"post","link":"https:\/\/sportsforfuture.de\/de\/aktuelles\/zu-gast-auf-der-pressekonferenz-von-snowboard-germany\/","title":{"rendered":"Zu Gast auf der Pressekonferenz von Snowboard Germany"},"content":{"rendered":"\t\t<div data-elementor-type=\"wp-post\" data-elementor-id=\"10045\" class=\"elementor elementor-10045\" data-elementor-post-type=\"post\">\n\t\t\t\t<div class=\"elementor-element elementor-element-449a71cb e-flex e-con-boxed e-con e-parent\" data-id=\"449a71cb\" data-element_type=\"container\">\n\t\t\t\t\t<div class=\"e-con-inner\">\n\t\t\t\t<div class=\"elementor-element elementor-element-1e81e16a elementor-align-left elementor-widget elementor-widget-button\" data-id=\"1e81e16a\" data-element_type=\"widget\" data-widget_type=\"button.default\">\n\t\t\t\t<div class=\"elementor-widget-container\">\n\t\t\t\t\t\t\t\t\t<div class=\"elementor-button-wrapper\">\n\t\t\t\t\t<a class=\"elementor-button elementor-button-link elementor-size-xs\" href=\"\/aktuelles\/\">\n\t\t\t\t\t\t<span class=\"elementor-button-content-wrapper\">\n\t\t\t\t\t\t<span class=\"elementor-button-icon\">\n\t\t\t\t<i aria-hidden=\"true\" class=\"fas fa-chevron-left\"><\/i>\t\t\t<\/span>\n\t\t\t\t\t\t\t\t\t<span class=\"elementor-button-text\">zur\u00fcck zur \u00dcbersicht<\/span>\n\t\t\t\t\t<\/span>\n\t\t\t\t\t<\/a>\n\t\t\t\t<\/div>\n\t\t\t\t\t\t\t\t<\/div>\n\t\t\t\t<\/div>\n\t\t\t\t<div class=\"elementor-element elementor-element-e3a1f8d elementor-widget-divider--separator-type-pattern elementor-widget-divider--view-line elementor-widget elementor-widget-divider\" data-id=\"e3a1f8d\" data-element_type=\"widget\" data-widget_type=\"divider.default\">\n\t\t\t\t<div class=\"elementor-widget-container\">\n\t\t\t\t\t\t\t<div class=\"elementor-divider\" style=\"--divider-pattern-url: url(&quot;data:image\/svg+xml,%3Csvg xmlns=&#039;http:\/\/www.w3.org\/2000\/svg&#039; preserveAspectRatio=&#039;none&#039; overflow=&#039;visible&#039; height=&#039;100%&#039; viewBox=&#039;0 0 20 16&#039; fill=&#039;none&#039; stroke=&#039;black&#039; stroke-width=&#039;1&#039; stroke-linecap=&#039;square&#039; stroke-miterlimit=&#039;10&#039;%3E%3Cg transform=&#039;translate(-12.000000, 0)&#039;%3E%3Cpath d=&#039;M28,0L10,18&#039;\/%3E%3Cpath d=&#039;M18,0L0,18&#039;\/%3E%3Cpath d=&#039;M48,0L30,18&#039;\/%3E%3Cpath d=&#039;M38,0L20,18&#039;\/%3E%3C\/g%3E%3C\/svg%3E&quot;);\">\n\t\t\t<span class=\"elementor-divider-separator\">\n\t\t\t\t\t\t<\/span>\n\t\t<\/div>\n\t\t\t\t\t\t<\/div>\n\t\t\t\t<\/div>\n\t\t\t\t\t<\/div>\n\t\t\t\t<\/div>\n\t\t<div class=\"elementor-element elementor-element-6b8f68f9 e-flex e-con-boxed e-con e-parent\" data-id=\"6b8f68f9\" data-element_type=\"container\">\n\t\t\t\t\t<div class=\"e-con-inner\">\n\t\t<div class=\"elementor-element elementor-element-13b077d2 e-con-full e-flex elementor-invisible e-con e-child\" data-id=\"13b077d2\" data-element_type=\"container\" data-settings=\"{&quot;animation&quot;:&quot;fadeInUp&quot;}\">\n\t\t\t\t<div class=\"elementor-element elementor-element-47a09b67 elementor-widget elementor-widget-image\" data-id=\"47a09b67\" data-element_type=\"widget\" data-widget_type=\"image.default\">\n\t\t\t\t<div class=\"elementor-widget-container\">\n\t\t\t\t\t\t\t\t\t\t\t\t\t\t\t<img fetchpriority=\"high\" decoding=\"async\" width=\"800\" height=\"600\" src=\"https:\/\/sportsforfuture.de\/wp-content\/uploads\/2023\/10\/9df2dfcd-6099-4bbc-922b-3d2260fa1eca.jpg\" class=\"attachment-large size-large wp-image-10046\" alt=\"\" srcset=\"https:\/\/sportsforfuture.de\/wp-content\/uploads\/2023\/10\/9df2dfcd-6099-4bbc-922b-3d2260fa1eca.jpg 800w, https:\/\/sportsforfuture.de\/wp-content\/uploads\/2023\/10\/9df2dfcd-6099-4bbc-922b-3d2260fa1eca-300x225.jpg 300w, https:\/\/sportsforfuture.de\/wp-content\/uploads\/2023\/10\/9df2dfcd-6099-4bbc-922b-3d2260fa1eca-768x576.jpg 768w\" sizes=\"(max-width: 800px) 100vw, 800px\" \/>\t\t\t\t\t\t\t\t\t\t\t\t\t\t\t<\/div>\n\t\t\t\t<\/div>\n\t\t\t\t<\/div>\n\t\t<div class=\"elementor-element elementor-element-4ae2a856 e-con-full e-flex elementor-invisible e-con e-child\" data-id=\"4ae2a856\" data-element_type=\"container\" data-settings=\"{&quot;animation&quot;:&quot;fadeInUp&quot;,&quot;animation_delay&quot;:300}\">\n\t\t\t\t<div class=\"elementor-element elementor-element-2c24835c elementor-widget elementor-widget-heading\" data-id=\"2c24835c\" data-element_type=\"widget\" data-widget_type=\"heading.default\">\n\t\t\t\t<div class=\"elementor-widget-container\">\n\t\t\t\t\t<h2 class=\"elementor-heading-title elementor-size-default\">Zu Gast auf der Pressekonferenz von Snowboard Germany<\/h2>\t\t\t\t<\/div>\n\t\t\t\t<\/div>\n\t\t\t\t<div class=\"elementor-element elementor-element-21c03276 elementor-widget elementor-widget-text-editor\" data-id=\"21c03276\" data-element_type=\"widget\" data-widget_type=\"text-editor.default\">\n\t\t\t\t<div class=\"elementor-widget-container\">\n\t\t\t\t\t\t\t\t\t<p>Auf der diesj\u00e4hrigen Pressekonferenz von Snowboard Germany, die im Rahmen des Einkleidens der Sportler*innen und der Auszeichnungen des Athleten, Rookie und Trainer des Jahres stattfand, hatte auch unser Erster Vorsitzender Stefan Wagner einen kurzen Auftritt. Es ging um die gravierenden Ver\u00e4nderungen durch den Klimawandel und die deutlichen Auswirkungen, die sich bereits jetzt besonders im Wintersport zeigen. So mussten beispielsweise die M\u00e4nner- und Frauen-Abfahrten des alpinen Ski-Weltcups in Zermatt abgesagt werden. Der Grund: Schneemangel.<\/p><p>Der Wintersport ist daher \u201eT\u00e4ter und Opfer zugleich\u201c, so Wagner. \u201eDas Entscheidende ist, festzustellen, wir haben ein ordentliches Problem zusammen und wir sind alle daf\u00fcr verantwortlich. Und wir sind alle daf\u00fcr verantwortlich, in die L\u00f6sung zu gehen.\u201c Genau das nimmt Snowboard Germany in Angriff. W\u00e4hrend das asiatische Olympia Komitee die asiatischen Winterspiele in die W\u00fcste Saudi Arabiens vergeben hat, geht der deutsche Verband in die Verantwortung. Das Team wird in der kommenden Saison die sogenannten \u201eWarming Stripes\u201c als Bekenntnis zur Nachhaltigkeit auf seinen Jacken tragen. Die Streifen repr\u00e4sentieren die Erderw\u00e4rmung in den letzten 150 Jahren, und die verlaufen zunehmend in den roten Bereich. Da die Wintersportler*innen den Schnee lieben, gehen die Bem\u00fchungen des Verbands in dieser Weltcup-Saison auch \u00fcber die Wettk\u00e4mpfe hinaus, um ein Zeichen gegen die Klimaerw\u00e4rmung zu setzen.<\/p><p>\u201eWir m\u00fcssen voneinander lernen und brauchen nicht alles neu zu erfinden. Das versuchen wir, indem wir Beispiele weitergeben und in den Austausch gehen\u201c, sagt Wagner und lobt die Impulse, wie beispielsweise die \u201eWarming Stripes\u201c-Jacken oder das \u201eRace to Zero\u201c der UN, die Snowboard Germany setzt. \u201eNur genau so geht es, damit wir zuversichtlich sind und bleiben k\u00f6nnen.\u201c<\/p>\t\t\t\t\t\t\t\t<\/div>\n\t\t\t\t<\/div>\n\t\t\t\t<\/div>\n\t\t\t\t\t<\/div>\n\t\t\t\t<\/div>\n\t\t<div class=\"elementor-element elementor-element-623e709c e-flex e-con-boxed elementor-invisible e-con e-parent\" data-id=\"623e709c\" data-element_type=\"container\" data-settings=\"{&quot;animation&quot;:&quot;fadeInUp&quot;,&quot;animation_delay&quot;:500}\">\n\t\t\t\t\t<div class=\"e-con-inner\">\n\t\t\t\t<div class=\"elementor-element elementor-element-3a7b0532 elementor-widget-divider--separator-type-pattern elementor-widget-divider--view-line elementor-widget elementor-widget-divider\" data-id=\"3a7b0532\" data-element_type=\"widget\" data-widget_type=\"divider.default\">\n\t\t\t\t<div class=\"elementor-widget-container\">\n\t\t\t\t\t\t\t<div class=\"elementor-divider\" style=\"--divider-pattern-url: url(&quot;data:image\/svg+xml,%3Csvg xmlns=&#039;http:\/\/www.w3.org\/2000\/svg&#039; preserveAspectRatio=&#039;none&#039; overflow=&#039;visible&#039; height=&#039;100%&#039; viewBox=&#039;0 0 20 16&#039; fill=&#039;none&#039; stroke=&#039;black&#039; stroke-width=&#039;1&#039; stroke-linecap=&#039;square&#039; stroke-miterlimit=&#039;10&#039;%3E%3Cg transform=&#039;translate(-12.000000, 0)&#039;%3E%3Cpath d=&#039;M28,0L10,18&#039;\/%3E%3Cpath d=&#039;M18,0L0,18&#039;\/%3E%3Cpath d=&#039;M48,0L30,18&#039;\/%3E%3Cpath d=&#039;M38,0L20,18&#039;\/%3E%3C\/g%3E%3C\/svg%3E&quot;);\">\n\t\t\t<span class=\"elementor-divider-separator\">\n\t\t\t\t\t\t<\/span>\n\t\t<\/div>\n\t\t\t\t\t\t<\/div>\n\t\t\t\t<\/div>\n\t\t\t\t<div class=\"elementor-element elementor-element-56e8f86d elementor-align-left elementor-widget elementor-widget-button\" data-id=\"56e8f86d\" data-element_type=\"widget\" data-widget_type=\"button.default\">\n\t\t\t\t<div class=\"elementor-widget-container\">\n\t\t\t\t\t\t\t\t\t<div class=\"elementor-button-wrapper\">\n\t\t\t\t\t<a class=\"elementor-button elementor-button-link elementor-size-xs\" href=\"\/aktuelles\/\">\n\t\t\t\t\t\t<span class=\"elementor-button-content-wrapper\">\n\t\t\t\t\t\t<span class=\"elementor-button-icon\">\n\t\t\t\t<i aria-hidden=\"true\" class=\"fas fa-chevron-left\"><\/i>\t\t\t<\/span>\n\t\t\t\t\t\t\t\t\t<span class=\"elementor-button-text\">zur\u00fcck zur \u00dcbersicht<\/span>\n\t\t\t\t\t<\/span>\n\t\t\t\t\t<\/a>\n\t\t\t\t<\/div>\n\t\t\t\t\t\t\t\t<\/div>\n\t\t\t\t<\/div>\n\t\t\t\t\t<\/div>\n\t\t\t\t<\/div>\n\t\t\t\t<\/div>\n\t\t","protected":false},"excerpt":{"rendered":"<p>zur\u00fcck zur \u00dcbersicht Zu Gast auf der Pressekonferenz von Snowboard Germany Auf der diesj\u00e4hrigen Pressekonferenz von Snowboard Germany, die im Rahmen des Einkleidens der Sportler*innen und der Auszeichnungen des Athleten, Rookie und Trainer des Jahres stattfand, hatte auch unser Erster Vorsitzender Stefan Wagner einen kurzen Auftritt. Es ging um die gravierenden Ver\u00e4nderungen durch den Klimawandel [&hellip;]<\/p>\n","protected":false},"author":3,"featured_media":10046,"comment_status":"closed","ping_status":"closed","sticky":false,"template":"","format":"standard","meta":{"footnotes":""},"categories":[14],"tags":[],"class_list":["post-10045","post","type-post","status-publish","format-standard","has-post-thumbnail","hentry","category-aktuelles"],"yoast_head":"<!-- This site is optimized with the Yoast SEO plugin v25.4 - https:\/\/yoast.com\/wordpress\/plugins\/seo\/ -->\n<title>Zu Gast auf der Pressekonferenz von Snowboard Germany - Sports For Future<\/title>\n<meta name=\"robots\" content=\"index, follow, max-snippet:-1, max-image-preview:large, max-video-preview:-1\" \/>\n<link rel=\"canonical\" href=\"https:\/\/sportsforfuture.de\/de\/aktuelles\/zu-gast-auf-der-pressekonferenz-von-snowboard-germany\/\" \/>\n<meta property=\"og:locale\" content=\"de_DE\" \/>\n<meta property=\"og:type\" content=\"article\" \/>\n<meta property=\"og:title\" content=\"Zu Gast auf der Pressekonferenz von Snowboard Germany - Sports For Future\" \/>\n<meta property=\"og:description\" content=\"zur\u00fcck zur \u00dcbersicht Zu Gast auf der Pressekonferenz von Snowboard Germany Auf der diesj\u00e4hrigen Pressekonferenz von Snowboard Germany, die im Rahmen des Einkleidens der Sportler*innen und der Auszeichnungen des Athleten, Rookie und Trainer des Jahres stattfand, hatte auch unser Erster Vorsitzender Stefan Wagner einen kurzen Auftritt. Es ging um die gravierenden Ver\u00e4nderungen durch den Klimawandel [&hellip;]\" \/>\n<meta property=\"og:url\" content=\"https:\/\/sportsforfuture.de\/de\/aktuelles\/zu-gast-auf-der-pressekonferenz-von-snowboard-germany\/\" \/>\n<meta property=\"og:site_name\" content=\"Sports For Future\" \/>\n<meta property=\"article:published_time\" content=\"2022-10-26T13:03:00+00:00\" \/>\n<meta property=\"article:modified_time\" content=\"2023-10-19T10:06:31+00:00\" \/>\n<meta property=\"og:image\" content=\"https:\/\/sportsforfuture.de\/wp-content\/uploads\/2023\/10\/9df2dfcd-6099-4bbc-922b-3d2260fa1eca.jpg\" \/>\n\t<meta property=\"og:image:width\" content=\"800\" \/>\n\t<meta property=\"og:image:height\" content=\"600\" \/>\n\t<meta property=\"og:image:type\" content=\"image\/jpeg\" \/>\n<meta name=\"author\" content=\"Antonia B\u00f6ckmann\" \/>\n<meta name=\"twitter:card\" content=\"summary_large_image\" \/>\n<meta name=\"twitter:label1\" content=\"Verfasst von\" \/>\n\t<meta name=\"twitter:data1\" content=\"Antonia B\u00f6ckmann\" \/>\n<script type=\"application\/ld+json\" class=\"yoast-schema-graph\">{\"@context\":\"https:\/\/schema.org\",\"@graph\":[{\"@type\":\"Article\",\"@id\":\"https:\/\/sportsforfuture.de\/de\/aktuelles\/zu-gast-auf-der-pressekonferenz-von-snowboard-germany\/#article\",\"isPartOf\":{\"@id\":\"https:\/\/sportsforfuture.de\/de\/aktuelles\/zu-gast-auf-der-pressekonferenz-von-snowboard-germany\/\"},\"author\":{\"name\":\"Antonia B\u00f6ckmann\",\"@id\":\"https:\/\/sportsforfuture.de\/de\/#\/schema\/person\/7c34ab12b99fe7c6851d936f8a34cecc\"},\"headline\":\"Zu Gast auf der Pressekonferenz von Snowboard Germany\",\"datePublished\":\"2022-10-26T13:03:00+00:00\",\"dateModified\":\"2023-10-19T10:06:31+00:00\",\"mainEntityOfPage\":{\"@id\":\"https:\/\/sportsforfuture.de\/de\/aktuelles\/zu-gast-auf-der-pressekonferenz-von-snowboard-germany\/\"},\"wordCount\":302,\"publisher\":{\"@id\":\"https:\/\/sportsforfuture.de\/de\/#organization\"},\"image\":{\"@id\":\"https:\/\/sportsforfuture.de\/de\/aktuelles\/zu-gast-auf-der-pressekonferenz-von-snowboard-germany\/#primaryimage\"},\"thumbnailUrl\":\"https:\/\/sportsforfuture.de\/wp-content\/uploads\/2023\/10\/9df2dfcd-6099-4bbc-922b-3d2260fa1eca.jpg\",\"articleSection\":[\"Aktuelles\"],\"inLanguage\":\"de\"},{\"@type\":\"WebPage\",\"@id\":\"https:\/\/sportsforfuture.de\/de\/aktuelles\/zu-gast-auf-der-pressekonferenz-von-snowboard-germany\/\",\"url\":\"https:\/\/sportsforfuture.de\/de\/aktuelles\/zu-gast-auf-der-pressekonferenz-von-snowboard-germany\/\",\"name\":\"Zu Gast auf der Pressekonferenz von Snowboard Germany - Sports For Future\",\"isPartOf\":{\"@id\":\"https:\/\/sportsforfuture.de\/de\/#website\"},\"primaryImageOfPage\":{\"@id\":\"https:\/\/sportsforfuture.de\/de\/aktuelles\/zu-gast-auf-der-pressekonferenz-von-snowboard-germany\/#primaryimage\"},\"image\":{\"@id\":\"https:\/\/sportsforfuture.de\/de\/aktuelles\/zu-gast-auf-der-pressekonferenz-von-snowboard-germany\/#primaryimage\"},\"thumbnailUrl\":\"https:\/\/sportsforfuture.de\/wp-content\/uploads\/2023\/10\/9df2dfcd-6099-4bbc-922b-3d2260fa1eca.jpg\",\"datePublished\":\"2022-10-26T13:03:00+00:00\",\"dateModified\":\"2023-10-19T10:06:31+00:00\",\"breadcrumb\":{\"@id\":\"https:\/\/sportsforfuture.de\/de\/aktuelles\/zu-gast-auf-der-pressekonferenz-von-snowboard-germany\/#breadcrumb\"},\"inLanguage\":\"de\",\"potentialAction\":[{\"@type\":\"ReadAction\",\"target\":[\"https:\/\/sportsforfuture.de\/de\/aktuelles\/zu-gast-auf-der-pressekonferenz-von-snowboard-germany\/\"]}]},{\"@type\":\"ImageObject\",\"inLanguage\":\"de\",\"@id\":\"https:\/\/sportsforfuture.de\/de\/aktuelles\/zu-gast-auf-der-pressekonferenz-von-snowboard-germany\/#primaryimage\",\"url\":\"https:\/\/sportsforfuture.de\/wp-content\/uploads\/2023\/10\/9df2dfcd-6099-4bbc-922b-3d2260fa1eca.jpg\",\"contentUrl\":\"https:\/\/sportsforfuture.de\/wp-content\/uploads\/2023\/10\/9df2dfcd-6099-4bbc-922b-3d2260fa1eca.jpg\",\"width\":800,\"height\":600},{\"@type\":\"BreadcrumbList\",\"@id\":\"https:\/\/sportsforfuture.de\/de\/aktuelles\/zu-gast-auf-der-pressekonferenz-von-snowboard-germany\/#breadcrumb\",\"itemListElement\":[{\"@type\":\"ListItem\",\"position\":1,\"name\":\"Startseite\",\"item\":\"https:\/\/sportsforfuture.de\/\"},{\"@type\":\"ListItem\",\"position\":2,\"name\":\"Zu Gast auf der Pressekonferenz von Snowboard Germany\"}]},{\"@type\":\"WebSite\",\"@id\":\"https:\/\/sportsforfuture.de\/de\/#website\",\"url\":\"https:\/\/sportsforfuture.de\/de\/\",\"name\":\"Sports For Future\",\"description\":\"#EinerF\u00fcrAlleAlleF\u00fcrsKlima\",\"publisher\":{\"@id\":\"https:\/\/sportsforfuture.de\/de\/#organization\"},\"potentialAction\":[{\"@type\":\"SearchAction\",\"target\":{\"@type\":\"EntryPoint\",\"urlTemplate\":\"https:\/\/sportsforfuture.de\/de\/?s={search_term_string}\"},\"query-input\":{\"@type\":\"PropertyValueSpecification\",\"valueRequired\":true,\"valueName\":\"search_term_string\"}}],\"inLanguage\":\"de\"},{\"@type\":\"Organization\",\"@id\":\"https:\/\/sportsforfuture.de\/de\/#organization\",\"name\":\"Sports For Future\",\"url\":\"https:\/\/sportsforfuture.de\/de\/\",\"logo\":{\"@type\":\"ImageObject\",\"inLanguage\":\"de\",\"@id\":\"https:\/\/sportsforfuture.de\/de\/#\/schema\/logo\/image\/\",\"url\":\"https:\/\/sportsforfuture.de\/wp-content\/uploads\/2023\/04\/logo-sports-for-future.png\",\"contentUrl\":\"https:\/\/sportsforfuture.de\/wp-content\/uploads\/2023\/04\/logo-sports-for-future.png\",\"width\":1084,\"height\":251,\"caption\":\"Sports For Future\"},\"image\":{\"@id\":\"https:\/\/sportsforfuture.de\/de\/#\/schema\/logo\/image\/\"}},{\"@type\":\"Person\",\"@id\":\"https:\/\/sportsforfuture.de\/de\/#\/schema\/person\/7c34ab12b99fe7c6851d936f8a34cecc\",\"name\":\"Antonia B\u00f6ckmann\",\"url\":\"https:\/\/sportsforfuture.de\/de\/author\/antonia\/\"}]}<\/script>\n<!-- \/ Yoast SEO plugin. -->","yoast_head_json":{"title":"Zu Gast auf der Pressekonferenz von Snowboard Germany - Sports For Future","robots":{"index":"index","follow":"follow","max-snippet":"max-snippet:-1","max-image-preview":"max-image-preview:large","max-video-preview":"max-video-preview:-1"},"canonical":"https:\/\/sportsforfuture.de\/de\/aktuelles\/zu-gast-auf-der-pressekonferenz-von-snowboard-germany\/","og_locale":"de_DE","og_type":"article","og_title":"Zu Gast auf der Pressekonferenz von Snowboard Germany - Sports For Future","og_description":"zur\u00fcck zur \u00dcbersicht Zu Gast auf der Pressekonferenz von Snowboard Germany Auf der diesj\u00e4hrigen Pressekonferenz von Snowboard Germany, die im Rahmen des Einkleidens der Sportler*innen und der Auszeichnungen des Athleten, Rookie und Trainer des Jahres stattfand, hatte auch unser Erster Vorsitzender Stefan Wagner einen kurzen Auftritt. Es ging um die gravierenden Ver\u00e4nderungen durch den Klimawandel [&hellip;]","og_url":"https:\/\/sportsforfuture.de\/de\/aktuelles\/zu-gast-auf-der-pressekonferenz-von-snowboard-germany\/","og_site_name":"Sports For Future","article_published_time":"2022-10-26T13:03:00+00:00","article_modified_time":"2023-10-19T10:06:31+00:00","og_image":[{"width":800,"height":600,"url":"https:\/\/sportsforfuture.de\/wp-content\/uploads\/2023\/10\/9df2dfcd-6099-4bbc-922b-3d2260fa1eca.jpg","type":"image\/jpeg"}],"author":"Antonia B\u00f6ckmann","twitter_card":"summary_large_image","twitter_misc":{"Verfasst von":"Antonia B\u00f6ckmann"},"schema":{"@context":"https:\/\/schema.org","@graph":[{"@type":"Article","@id":"https:\/\/sportsforfuture.de\/de\/aktuelles\/zu-gast-auf-der-pressekonferenz-von-snowboard-germany\/#article","isPartOf":{"@id":"https:\/\/sportsforfuture.de\/de\/aktuelles\/zu-gast-auf-der-pressekonferenz-von-snowboard-germany\/"},"author":{"name":"Antonia B\u00f6ckmann","@id":"https:\/\/sportsforfuture.de\/de\/#\/schema\/person\/7c34ab12b99fe7c6851d936f8a34cecc"},"headline":"Zu Gast auf der Pressekonferenz von Snowboard Germany","datePublished":"2022-10-26T13:03:00+00:00","dateModified":"2023-10-19T10:06:31+00:00","mainEntityOfPage":{"@id":"https:\/\/sportsforfuture.de\/de\/aktuelles\/zu-gast-auf-der-pressekonferenz-von-snowboard-germany\/"},"wordCount":302,"publisher":{"@id":"https:\/\/sportsforfuture.de\/de\/#organization"},"image":{"@id":"https:\/\/sportsforfuture.de\/de\/aktuelles\/zu-gast-auf-der-pressekonferenz-von-snowboard-germany\/#primaryimage"},"thumbnailUrl":"https:\/\/sportsforfuture.de\/wp-content\/uploads\/2023\/10\/9df2dfcd-6099-4bbc-922b-3d2260fa1eca.jpg","articleSection":["Aktuelles"],"inLanguage":"de"},{"@type":"WebPage","@id":"https:\/\/sportsforfuture.de\/de\/aktuelles\/zu-gast-auf-der-pressekonferenz-von-snowboard-germany\/","url":"https:\/\/sportsforfuture.de\/de\/aktuelles\/zu-gast-auf-der-pressekonferenz-von-snowboard-germany\/","name":"Zu Gast auf der Pressekonferenz von Snowboard Germany - Sports For Future","isPartOf":{"@id":"https:\/\/sportsforfuture.de\/de\/#website"},"primaryImageOfPage":{"@id":"https:\/\/sportsforfuture.de\/de\/aktuelles\/zu-gast-auf-der-pressekonferenz-von-snowboard-germany\/#primaryimage"},"image":{"@id":"https:\/\/sportsforfuture.de\/de\/aktuelles\/zu-gast-auf-der-pressekonferenz-von-snowboard-germany\/#primaryimage"},"thumbnailUrl":"https:\/\/sportsforfuture.de\/wp-content\/uploads\/2023\/10\/9df2dfcd-6099-4bbc-922b-3d2260fa1eca.jpg","datePublished":"2022-10-26T13:03:00+00:00","dateModified":"2023-10-19T10:06:31+00:00","breadcrumb":{"@id":"https:\/\/sportsforfuture.de\/de\/aktuelles\/zu-gast-auf-der-pressekonferenz-von-snowboard-germany\/#breadcrumb"},"inLanguage":"de","potentialAction":[{"@type":"ReadAction","target":["https:\/\/sportsforfuture.de\/de\/aktuelles\/zu-gast-auf-der-pressekonferenz-von-snowboard-germany\/"]}]},{"@type":"ImageObject","inLanguage":"de","@id":"https:\/\/sportsforfuture.de\/de\/aktuelles\/zu-gast-auf-der-pressekonferenz-von-snowboard-germany\/#primaryimage","url":"https:\/\/sportsforfuture.de\/wp-content\/uploads\/2023\/10\/9df2dfcd-6099-4bbc-922b-3d2260fa1eca.jpg","contentUrl":"https:\/\/sportsforfuture.de\/wp-content\/uploads\/2023\/10\/9df2dfcd-6099-4bbc-922b-3d2260fa1eca.jpg","width":800,"height":600},{"@type":"BreadcrumbList","@id":"https:\/\/sportsforfuture.de\/de\/aktuelles\/zu-gast-auf-der-pressekonferenz-von-snowboard-germany\/#breadcrumb","itemListElement":[{"@type":"ListItem","position":1,"name":"Startseite","item":"https:\/\/sportsforfuture.de\/"},{"@type":"ListItem","position":2,"name":"Zu Gast auf der Pressekonferenz von Snowboard Germany"}]},{"@type":"WebSite","@id":"https:\/\/sportsforfuture.de\/de\/#website","url":"https:\/\/sportsforfuture.de\/de\/","name":"Sports For Future","description":"#EinerF\u00fcrAlleAlleF\u00fcrsKlima","publisher":{"@id":"https:\/\/sportsforfuture.de\/de\/#organization"},"potentialAction":[{"@type":"SearchAction","target":{"@type":"EntryPoint","urlTemplate":"https:\/\/sportsforfuture.de\/de\/?s={search_term_string}"},"query-input":{"@type":"PropertyValueSpecification","valueRequired":true,"valueName":"search_term_string"}}],"inLanguage":"de"},{"@type":"Organization","@id":"https:\/\/sportsforfuture.de\/de\/#organization","name":"Sports For Future","url":"https:\/\/sportsforfuture.de\/de\/","logo":{"@type":"ImageObject","inLanguage":"de","@id":"https:\/\/sportsforfuture.de\/de\/#\/schema\/logo\/image\/","url":"https:\/\/sportsforfuture.de\/wp-content\/uploads\/2023\/04\/logo-sports-for-future.png","contentUrl":"https:\/\/sportsforfuture.de\/wp-content\/uploads\/2023\/04\/logo-sports-for-future.png","width":1084,"height":251,"caption":"Sports For Future"},"image":{"@id":"https:\/\/sportsforfuture.de\/de\/#\/schema\/logo\/image\/"}},{"@type":"Person","@id":"https:\/\/sportsforfuture.de\/de\/#\/schema\/person\/7c34ab12b99fe7c6851d936f8a34cecc","name":"Antonia B\u00f6ckmann","url":"https:\/\/sportsforfuture.de\/de\/author\/antonia\/"}]}},"_links":{"self":[{"href":"https:\/\/sportsforfuture.de\/de\/wp-json\/wp\/v2\/posts\/10045","targetHints":{"allow":["GET"]}}],"collection":[{"href":"https:\/\/sportsforfuture.de\/de\/wp-json\/wp\/v2\/posts"}],"about":[{"href":"https:\/\/sportsforfuture.de\/de\/wp-json\/wp\/v2\/types\/post"}],"author":[{"embeddable":true,"href":"https:\/\/sportsforfuture.de\/de\/wp-json\/wp\/v2\/users\/3"}],"replies":[{"embeddable":true,"href":"https:\/\/sportsforfuture.de\/de\/wp-json\/wp\/v2\/comments?post=10045"}],"version-history":[{"count":4,"href":"https:\/\/sportsforfuture.de\/de\/wp-json\/wp\/v2\/posts\/10045\/revisions"}],"predecessor-version":[{"id":10050,"href":"https:\/\/sportsforfuture.de\/de\/wp-json\/wp\/v2\/posts\/10045\/revisions\/10050"}],"wp:featuredmedia":[{"embeddable":true,"href":"https:\/\/sportsforfuture.de\/de\/wp-json\/wp\/v2\/media\/10046"}],"wp:attachment":[{"href":"https:\/\/sportsforfuture.de\/de\/wp-json\/wp\/v2\/media?parent=10045"}],"wp:term":[{"taxonomy":"category","embeddable":true,"href":"https:\/\/sportsforfuture.de\/de\/wp-json\/wp\/v2\/categories?post=10045"},{"taxonomy":"post_tag","embeddable":true,"href":"https:\/\/sportsforfuture.de\/de\/wp-json\/wp\/v2\/tags?post=10045"}],"curies":[{"name":"wp","href":"https:\/\/api.w.org\/{rel}","templated":true}]}}