{"id":10077,"date":"2022-10-05T13:26:00","date_gmt":"2022-10-05T11:26:00","guid":{"rendered":"https:\/\/www.sportsforfuture.de\/?p=10077"},"modified":"2023-10-19T13:28:53","modified_gmt":"2023-10-19T11:28:53","slug":"fuer-klimaschutz-duerfen-wir-uns-alle-einsetzen","status":"publish","type":"post","link":"https:\/\/sportsforfuture.de\/de\/aktuelles\/fuer-klimaschutz-duerfen-wir-uns-alle-einsetzen\/","title":{"rendered":"\u201eF\u00fcr Klimaschutz d\u00fcrfen wir uns alle einsetzen\u201c"},"content":{"rendered":"\t\t<div data-elementor-type=\"wp-post\" data-elementor-id=\"10077\" class=\"elementor elementor-10077\" data-elementor-post-type=\"post\">\n\t\t\t\t<div class=\"elementor-element elementor-element-1de0557d e-flex e-con-boxed e-con e-parent\" data-id=\"1de0557d\" data-element_type=\"container\">\n\t\t\t\t\t<div class=\"e-con-inner\">\n\t\t\t\t<div class=\"elementor-element elementor-element-65eefaa3 elementor-align-left elementor-widget elementor-widget-button\" data-id=\"65eefaa3\" data-element_type=\"widget\" data-widget_type=\"button.default\">\n\t\t\t\t<div class=\"elementor-widget-container\">\n\t\t\t\t\t\t\t\t\t<div class=\"elementor-button-wrapper\">\n\t\t\t\t\t<a class=\"elementor-button elementor-button-link elementor-size-xs\" href=\"\/aktuelles\/\">\n\t\t\t\t\t\t<span class=\"elementor-button-content-wrapper\">\n\t\t\t\t\t\t<span class=\"elementor-button-icon\">\n\t\t\t\t<i aria-hidden=\"true\" class=\"fas fa-chevron-left\"><\/i>\t\t\t<\/span>\n\t\t\t\t\t\t\t\t\t<span class=\"elementor-button-text\">zur\u00fcck zur \u00dcbersicht<\/span>\n\t\t\t\t\t<\/span>\n\t\t\t\t\t<\/a>\n\t\t\t\t<\/div>\n\t\t\t\t\t\t\t\t<\/div>\n\t\t\t\t<\/div>\n\t\t\t\t<div class=\"elementor-element elementor-element-220b57a1 elementor-widget-divider--separator-type-pattern elementor-widget-divider--view-line elementor-widget elementor-widget-divider\" data-id=\"220b57a1\" data-element_type=\"widget\" data-widget_type=\"divider.default\">\n\t\t\t\t<div class=\"elementor-widget-container\">\n\t\t\t\t\t\t\t<div class=\"elementor-divider\" style=\"--divider-pattern-url: url(&quot;data:image\/svg+xml,%3Csvg xmlns=&#039;http:\/\/www.w3.org\/2000\/svg&#039; preserveAspectRatio=&#039;none&#039; overflow=&#039;visible&#039; height=&#039;100%&#039; viewBox=&#039;0 0 20 16&#039; fill=&#039;none&#039; stroke=&#039;black&#039; stroke-width=&#039;1&#039; stroke-linecap=&#039;square&#039; stroke-miterlimit=&#039;10&#039;%3E%3Cg transform=&#039;translate(-12.000000, 0)&#039;%3E%3Cpath d=&#039;M28,0L10,18&#039;\/%3E%3Cpath d=&#039;M18,0L0,18&#039;\/%3E%3Cpath d=&#039;M48,0L30,18&#039;\/%3E%3Cpath d=&#039;M38,0L20,18&#039;\/%3E%3C\/g%3E%3C\/svg%3E&quot;);\">\n\t\t\t<span class=\"elementor-divider-separator\">\n\t\t\t\t\t\t<\/span>\n\t\t<\/div>\n\t\t\t\t\t\t<\/div>\n\t\t\t\t<\/div>\n\t\t\t\t\t<\/div>\n\t\t\t\t<\/div>\n\t\t<div class=\"elementor-element elementor-element-599a4519 e-flex e-con-boxed e-con e-parent\" data-id=\"599a4519\" data-element_type=\"container\">\n\t\t\t\t\t<div class=\"e-con-inner\">\n\t\t<div class=\"elementor-element elementor-element-577c23b4 e-con-full e-flex elementor-invisible e-con e-child\" data-id=\"577c23b4\" data-element_type=\"container\" data-settings=\"{&quot;animation&quot;:&quot;fadeInUp&quot;}\">\n\t\t\t\t<div class=\"elementor-element elementor-element-24007af1 elementor-widget elementor-widget-image\" data-id=\"24007af1\" data-element_type=\"widget\" data-widget_type=\"image.default\">\n\t\t\t\t<div class=\"elementor-widget-container\">\n\t\t\t\t\t\t\t\t\t\t\t\t\t\t\t<img fetchpriority=\"high\" decoding=\"async\" width=\"800\" height=\"601\" src=\"https:\/\/sportsforfuture.de\/wp-content\/uploads\/2023\/10\/carlotta-neu-nue.jpg\" class=\"attachment-large size-large wp-image-10078\" alt=\"\" srcset=\"https:\/\/sportsforfuture.de\/wp-content\/uploads\/2023\/10\/carlotta-neu-nue.jpg 800w, https:\/\/sportsforfuture.de\/wp-content\/uploads\/2023\/10\/carlotta-neu-nue-300x225.jpg 300w, https:\/\/sportsforfuture.de\/wp-content\/uploads\/2023\/10\/carlotta-neu-nue-768x577.jpg 768w\" sizes=\"(max-width: 800px) 100vw, 800px\" \/>\t\t\t\t\t\t\t\t\t\t\t\t\t\t\t<\/div>\n\t\t\t\t<\/div>\n\t\t\t\t<\/div>\n\t\t<div class=\"elementor-element elementor-element-65502665 e-con-full e-flex elementor-invisible e-con e-child\" data-id=\"65502665\" data-element_type=\"container\" data-settings=\"{&quot;animation&quot;:&quot;fadeInUp&quot;,&quot;animation_delay&quot;:300}\">\n\t\t\t\t<div class=\"elementor-element elementor-element-38bc983b elementor-widget elementor-widget-heading\" data-id=\"38bc983b\" data-element_type=\"widget\" data-widget_type=\"heading.default\">\n\t\t\t\t<div class=\"elementor-widget-container\">\n\t\t\t\t\t<h2 class=\"elementor-heading-title elementor-size-default\">\u201eF\u00fcr Klimaschutz d\u00fcrfen wir uns alle einsetzen\u201c<\/h2>\t\t\t\t<\/div>\n\t\t\t\t<\/div>\n\t\t\t\t<div class=\"elementor-element elementor-element-49fba2e6 elementor-widget elementor-widget-text-editor\" data-id=\"49fba2e6\" data-element_type=\"widget\" data-widget_type=\"text-editor.default\">\n\t\t\t\t<div class=\"elementor-widget-container\">\n\t\t\t\t\t\t\t\t\t<p>Unsere &#8222;Ruderwald&#8220;-Initiatorin Carlotta Nwajide hat mit dem Journalisten Andreas Lesch in einem spannenden Interview \u00fcber Ver\u00e4nderung gesprochen. Sie erz\u00e4hlt \u00fcber die Gr\u00fcnde f\u00fcr den Start des Ruderwalds, warum es wichtig ist, gemeinsam Ver\u00e4nderung anzustreben und welche Chancen sich aus dem Klimawandel ergeben. Das Interview erscheint im Rahmen von Andreas Leschs Newsletter, in dem es um Menschen geht, die Ver\u00e4nderungen meistern und darum, wie wir in Ver\u00e4nderungen Chancen sehen k\u00f6nnen statt Probleme.<\/p><p><a href=\"http:\/\/andreaslesch.substack.com\/p\/fur-klimaschutz-durfen-wir-uns-alle?s=r\">http:\/\/andreaslesch.substack.com\/p\/fur-klimaschutz-durfen-wir-uns-alle?s=r<\/a><\/p>\t\t\t\t\t\t\t\t<\/div>\n\t\t\t\t<\/div>\n\t\t\t\t<\/div>\n\t\t\t\t\t<\/div>\n\t\t\t\t<\/div>\n\t\t<div class=\"elementor-element elementor-element-43eb5e97 e-flex e-con-boxed elementor-invisible e-con e-parent\" data-id=\"43eb5e97\" data-element_type=\"container\" data-settings=\"{&quot;animation&quot;:&quot;fadeInUp&quot;,&quot;animation_delay&quot;:500}\">\n\t\t\t\t\t<div class=\"e-con-inner\">\n\t\t\t\t<div class=\"elementor-element elementor-element-782ce3d0 elementor-widget-divider--separator-type-pattern elementor-widget-divider--view-line elementor-widget elementor-widget-divider\" data-id=\"782ce3d0\" data-element_type=\"widget\" data-widget_type=\"divider.default\">\n\t\t\t\t<div class=\"elementor-widget-container\">\n\t\t\t\t\t\t\t<div class=\"elementor-divider\" style=\"--divider-pattern-url: url(&quot;data:image\/svg+xml,%3Csvg xmlns=&#039;http:\/\/www.w3.org\/2000\/svg&#039; preserveAspectRatio=&#039;none&#039; overflow=&#039;visible&#039; height=&#039;100%&#039; viewBox=&#039;0 0 20 16&#039; fill=&#039;none&#039; stroke=&#039;black&#039; stroke-width=&#039;1&#039; stroke-linecap=&#039;square&#039; stroke-miterlimit=&#039;10&#039;%3E%3Cg transform=&#039;translate(-12.000000, 0)&#039;%3E%3Cpath d=&#039;M28,0L10,18&#039;\/%3E%3Cpath d=&#039;M18,0L0,18&#039;\/%3E%3Cpath d=&#039;M48,0L30,18&#039;\/%3E%3Cpath d=&#039;M38,0L20,18&#039;\/%3E%3C\/g%3E%3C\/svg%3E&quot;);\">\n\t\t\t<span class=\"elementor-divider-separator\">\n\t\t\t\t\t\t<\/span>\n\t\t<\/div>\n\t\t\t\t\t\t<\/div>\n\t\t\t\t<\/div>\n\t\t\t\t<div class=\"elementor-element elementor-element-467ca2a3 elementor-align-left elementor-widget elementor-widget-button\" data-id=\"467ca2a3\" data-element_type=\"widget\" data-widget_type=\"button.default\">\n\t\t\t\t<div class=\"elementor-widget-container\">\n\t\t\t\t\t\t\t\t\t<div class=\"elementor-button-wrapper\">\n\t\t\t\t\t<a class=\"elementor-button elementor-button-link elementor-size-xs\" href=\"\/aktuelles\/\">\n\t\t\t\t\t\t<span class=\"elementor-button-content-wrapper\">\n\t\t\t\t\t\t<span class=\"elementor-button-icon\">\n\t\t\t\t<i aria-hidden=\"true\" class=\"fas fa-chevron-left\"><\/i>\t\t\t<\/span>\n\t\t\t\t\t\t\t\t\t<span class=\"elementor-button-text\">zur\u00fcck zur \u00dcbersicht<\/span>\n\t\t\t\t\t<\/span>\n\t\t\t\t\t<\/a>\n\t\t\t\t<\/div>\n\t\t\t\t\t\t\t\t<\/div>\n\t\t\t\t<\/div>\n\t\t\t\t\t<\/div>\n\t\t\t\t<\/div>\n\t\t\t\t<\/div>\n\t\t","protected":false},"excerpt":{"rendered":"<p>zur\u00fcck zur \u00dcbersicht \u201eF\u00fcr Klimaschutz d\u00fcrfen wir uns alle einsetzen\u201c Unsere &#8222;Ruderwald&#8220;-Initiatorin Carlotta Nwajide hat mit dem Journalisten Andreas Lesch in einem spannenden Interview \u00fcber Ver\u00e4nderung gesprochen. Sie erz\u00e4hlt \u00fcber die Gr\u00fcnde f\u00fcr den Start des Ruderwalds, warum es wichtig ist, gemeinsam Ver\u00e4nderung anzustreben und welche Chancen sich aus dem Klimawandel ergeben. Das Interview erscheint [&hellip;]<\/p>\n","protected":false},"author":3,"featured_media":10078,"comment_status":"closed","ping_status":"closed","sticky":false,"template":"","format":"standard","meta":{"footnotes":""},"categories":[14],"tags":[],"class_list":["post-10077","post","type-post","status-publish","format-standard","has-post-thumbnail","hentry","category-aktuelles"],"yoast_head":"<!-- This site is optimized with the Yoast SEO plugin v25.4 - https:\/\/yoast.com\/wordpress\/plugins\/seo\/ -->\n<title>\u201eF\u00fcr Klimaschutz d\u00fcrfen wir uns alle einsetzen\u201c - Sports For Future<\/title>\n<meta name=\"robots\" content=\"index, follow, max-snippet:-1, max-image-preview:large, max-video-preview:-1\" \/>\n<link rel=\"canonical\" href=\"https:\/\/sportsforfuture.de\/de\/aktuelles\/fuer-klimaschutz-duerfen-wir-uns-alle-einsetzen\/\" \/>\n<meta property=\"og:locale\" content=\"de_DE\" \/>\n<meta property=\"og:type\" content=\"article\" \/>\n<meta property=\"og:title\" content=\"\u201eF\u00fcr Klimaschutz d\u00fcrfen wir uns alle einsetzen\u201c - Sports For Future\" \/>\n<meta property=\"og:description\" content=\"zur\u00fcck zur \u00dcbersicht \u201eF\u00fcr Klimaschutz d\u00fcrfen wir uns alle einsetzen\u201c Unsere &#8222;Ruderwald&#8220;-Initiatorin Carlotta Nwajide hat mit dem Journalisten Andreas Lesch in einem spannenden Interview \u00fcber Ver\u00e4nderung gesprochen. Sie erz\u00e4hlt \u00fcber die Gr\u00fcnde f\u00fcr den Start des Ruderwalds, warum es wichtig ist, gemeinsam Ver\u00e4nderung anzustreben und welche Chancen sich aus dem Klimawandel ergeben. Das Interview erscheint [&hellip;]\" \/>\n<meta property=\"og:url\" content=\"https:\/\/sportsforfuture.de\/de\/aktuelles\/fuer-klimaschutz-duerfen-wir-uns-alle-einsetzen\/\" \/>\n<meta property=\"og:site_name\" content=\"Sports For Future\" \/>\n<meta property=\"article:published_time\" content=\"2022-10-05T11:26:00+00:00\" \/>\n<meta property=\"article:modified_time\" content=\"2023-10-19T11:28:53+00:00\" \/>\n<meta property=\"og:image\" content=\"https:\/\/sportsforfuture.de\/wp-content\/uploads\/2023\/10\/carlotta-neu-nue.jpg\" \/>\n\t<meta property=\"og:image:width\" content=\"800\" \/>\n\t<meta property=\"og:image:height\" content=\"601\" \/>\n\t<meta property=\"og:image:type\" content=\"image\/jpeg\" \/>\n<meta name=\"author\" content=\"Antonia B\u00f6ckmann\" \/>\n<meta name=\"twitter:card\" content=\"summary_large_image\" \/>\n<meta name=\"twitter:label1\" content=\"Verfasst von\" \/>\n\t<meta name=\"twitter:data1\" content=\"Antonia B\u00f6ckmann\" \/>\n\t<meta name=\"twitter:label2\" content=\"Gesch\u00e4tzte Lesezeit\" \/>\n\t<meta name=\"twitter:data2\" content=\"1\u00a0Minute\" \/>\n<script type=\"application\/ld+json\" class=\"yoast-schema-graph\">{\"@context\":\"https:\/\/schema.org\",\"@graph\":[{\"@type\":\"Article\",\"@id\":\"https:\/\/sportsforfuture.de\/de\/aktuelles\/fuer-klimaschutz-duerfen-wir-uns-alle-einsetzen\/#article\",\"isPartOf\":{\"@id\":\"https:\/\/sportsforfuture.de\/de\/aktuelles\/fuer-klimaschutz-duerfen-wir-uns-alle-einsetzen\/\"},\"author\":{\"name\":\"Antonia B\u00f6ckmann\",\"@id\":\"https:\/\/sportsforfuture.de\/de\/#\/schema\/person\/7c34ab12b99fe7c6851d936f8a34cecc\"},\"headline\":\"\u201eF\u00fcr Klimaschutz d\u00fcrfen wir uns alle einsetzen\u201c\",\"datePublished\":\"2022-10-05T11:26:00+00:00\",\"dateModified\":\"2023-10-19T11:28:53+00:00\",\"mainEntityOfPage\":{\"@id\":\"https:\/\/sportsforfuture.de\/de\/aktuelles\/fuer-klimaschutz-duerfen-wir-uns-alle-einsetzen\/\"},\"wordCount\":114,\"publisher\":{\"@id\":\"https:\/\/sportsforfuture.de\/de\/#organization\"},\"image\":{\"@id\":\"https:\/\/sportsforfuture.de\/de\/aktuelles\/fuer-klimaschutz-duerfen-wir-uns-alle-einsetzen\/#primaryimage\"},\"thumbnailUrl\":\"https:\/\/sportsforfuture.de\/wp-content\/uploads\/2023\/10\/carlotta-neu-nue.jpg\",\"articleSection\":[\"Aktuelles\"],\"inLanguage\":\"de\"},{\"@type\":\"WebPage\",\"@id\":\"https:\/\/sportsforfuture.de\/de\/aktuelles\/fuer-klimaschutz-duerfen-wir-uns-alle-einsetzen\/\",\"url\":\"https:\/\/sportsforfuture.de\/de\/aktuelles\/fuer-klimaschutz-duerfen-wir-uns-alle-einsetzen\/\",\"name\":\"\u201eF\u00fcr Klimaschutz d\u00fcrfen wir uns alle einsetzen\u201c - Sports For Future\",\"isPartOf\":{\"@id\":\"https:\/\/sportsforfuture.de\/de\/#website\"},\"primaryImageOfPage\":{\"@id\":\"https:\/\/sportsforfuture.de\/de\/aktuelles\/fuer-klimaschutz-duerfen-wir-uns-alle-einsetzen\/#primaryimage\"},\"image\":{\"@id\":\"https:\/\/sportsforfuture.de\/de\/aktuelles\/fuer-klimaschutz-duerfen-wir-uns-alle-einsetzen\/#primaryimage\"},\"thumbnailUrl\":\"https:\/\/sportsforfuture.de\/wp-content\/uploads\/2023\/10\/carlotta-neu-nue.jpg\",\"datePublished\":\"2022-10-05T11:26:00+00:00\",\"dateModified\":\"2023-10-19T11:28:53+00:00\",\"breadcrumb\":{\"@id\":\"https:\/\/sportsforfuture.de\/de\/aktuelles\/fuer-klimaschutz-duerfen-wir-uns-alle-einsetzen\/#breadcrumb\"},\"inLanguage\":\"de\",\"potentialAction\":[{\"@type\":\"ReadAction\",\"target\":[\"https:\/\/sportsforfuture.de\/de\/aktuelles\/fuer-klimaschutz-duerfen-wir-uns-alle-einsetzen\/\"]}]},{\"@type\":\"ImageObject\",\"inLanguage\":\"de\",\"@id\":\"https:\/\/sportsforfuture.de\/de\/aktuelles\/fuer-klimaschutz-duerfen-wir-uns-alle-einsetzen\/#primaryimage\",\"url\":\"https:\/\/sportsforfuture.de\/wp-content\/uploads\/2023\/10\/carlotta-neu-nue.jpg\",\"contentUrl\":\"https:\/\/sportsforfuture.de\/wp-content\/uploads\/2023\/10\/carlotta-neu-nue.jpg\",\"width\":800,\"height\":601},{\"@type\":\"BreadcrumbList\",\"@id\":\"https:\/\/sportsforfuture.de\/de\/aktuelles\/fuer-klimaschutz-duerfen-wir-uns-alle-einsetzen\/#breadcrumb\",\"itemListElement\":[{\"@type\":\"ListItem\",\"position\":1,\"name\":\"Startseite\",\"item\":\"https:\/\/sportsforfuture.de\/\"},{\"@type\":\"ListItem\",\"position\":2,\"name\":\"\u201eF\u00fcr Klimaschutz d\u00fcrfen wir uns alle einsetzen\u201c\"}]},{\"@type\":\"WebSite\",\"@id\":\"https:\/\/sportsforfuture.de\/de\/#website\",\"url\":\"https:\/\/sportsforfuture.de\/de\/\",\"name\":\"Sports For Future\",\"description\":\"#EinerF\u00fcrAlleAlleF\u00fcrsKlima\",\"publisher\":{\"@id\":\"https:\/\/sportsforfuture.de\/de\/#organization\"},\"potentialAction\":[{\"@type\":\"SearchAction\",\"target\":{\"@type\":\"EntryPoint\",\"urlTemplate\":\"https:\/\/sportsforfuture.de\/de\/?s={search_term_string}\"},\"query-input\":{\"@type\":\"PropertyValueSpecification\",\"valueRequired\":true,\"valueName\":\"search_term_string\"}}],\"inLanguage\":\"de\"},{\"@type\":\"Organization\",\"@id\":\"https:\/\/sportsforfuture.de\/de\/#organization\",\"name\":\"Sports For Future\",\"url\":\"https:\/\/sportsforfuture.de\/de\/\",\"logo\":{\"@type\":\"ImageObject\",\"inLanguage\":\"de\",\"@id\":\"https:\/\/sportsforfuture.de\/de\/#\/schema\/logo\/image\/\",\"url\":\"https:\/\/sportsforfuture.de\/wp-content\/uploads\/2023\/04\/logo-sports-for-future.png\",\"contentUrl\":\"https:\/\/sportsforfuture.de\/wp-content\/uploads\/2023\/04\/logo-sports-for-future.png\",\"width\":1084,\"height\":251,\"caption\":\"Sports For Future\"},\"image\":{\"@id\":\"https:\/\/sportsforfuture.de\/de\/#\/schema\/logo\/image\/\"}},{\"@type\":\"Person\",\"@id\":\"https:\/\/sportsforfuture.de\/de\/#\/schema\/person\/7c34ab12b99fe7c6851d936f8a34cecc\",\"name\":\"Antonia B\u00f6ckmann\",\"url\":\"https:\/\/sportsforfuture.de\/de\/author\/antonia\/\"}]}<\/script>\n<!-- \/ Yoast SEO plugin. -->","yoast_head_json":{"title":"\u201eF\u00fcr Klimaschutz d\u00fcrfen wir uns alle einsetzen\u201c - Sports For Future","robots":{"index":"index","follow":"follow","max-snippet":"max-snippet:-1","max-image-preview":"max-image-preview:large","max-video-preview":"max-video-preview:-1"},"canonical":"https:\/\/sportsforfuture.de\/de\/aktuelles\/fuer-klimaschutz-duerfen-wir-uns-alle-einsetzen\/","og_locale":"de_DE","og_type":"article","og_title":"\u201eF\u00fcr Klimaschutz d\u00fcrfen wir uns alle einsetzen\u201c - Sports For Future","og_description":"zur\u00fcck zur \u00dcbersicht \u201eF\u00fcr Klimaschutz d\u00fcrfen wir uns alle einsetzen\u201c Unsere &#8222;Ruderwald&#8220;-Initiatorin Carlotta Nwajide hat mit dem Journalisten Andreas Lesch in einem spannenden Interview \u00fcber Ver\u00e4nderung gesprochen. Sie erz\u00e4hlt \u00fcber die Gr\u00fcnde f\u00fcr den Start des Ruderwalds, warum es wichtig ist, gemeinsam Ver\u00e4nderung anzustreben und welche Chancen sich aus dem Klimawandel ergeben. Das Interview erscheint [&hellip;]","og_url":"https:\/\/sportsforfuture.de\/de\/aktuelles\/fuer-klimaschutz-duerfen-wir-uns-alle-einsetzen\/","og_site_name":"Sports For Future","article_published_time":"2022-10-05T11:26:00+00:00","article_modified_time":"2023-10-19T11:28:53+00:00","og_image":[{"width":800,"height":601,"url":"https:\/\/sportsforfuture.de\/wp-content\/uploads\/2023\/10\/carlotta-neu-nue.jpg","type":"image\/jpeg"}],"author":"Antonia B\u00f6ckmann","twitter_card":"summary_large_image","twitter_misc":{"Verfasst von":"Antonia B\u00f6ckmann","Gesch\u00e4tzte Lesezeit":"1\u00a0Minute"},"schema":{"@context":"https:\/\/schema.org","@graph":[{"@type":"Article","@id":"https:\/\/sportsforfuture.de\/de\/aktuelles\/fuer-klimaschutz-duerfen-wir-uns-alle-einsetzen\/#article","isPartOf":{"@id":"https:\/\/sportsforfuture.de\/de\/aktuelles\/fuer-klimaschutz-duerfen-wir-uns-alle-einsetzen\/"},"author":{"name":"Antonia B\u00f6ckmann","@id":"https:\/\/sportsforfuture.de\/de\/#\/schema\/person\/7c34ab12b99fe7c6851d936f8a34cecc"},"headline":"\u201eF\u00fcr Klimaschutz d\u00fcrfen wir uns alle einsetzen\u201c","datePublished":"2022-10-05T11:26:00+00:00","dateModified":"2023-10-19T11:28:53+00:00","mainEntityOfPage":{"@id":"https:\/\/sportsforfuture.de\/de\/aktuelles\/fuer-klimaschutz-duerfen-wir-uns-alle-einsetzen\/"},"wordCount":114,"publisher":{"@id":"https:\/\/sportsforfuture.de\/de\/#organization"},"image":{"@id":"https:\/\/sportsforfuture.de\/de\/aktuelles\/fuer-klimaschutz-duerfen-wir-uns-alle-einsetzen\/#primaryimage"},"thumbnailUrl":"https:\/\/sportsforfuture.de\/wp-content\/uploads\/2023\/10\/carlotta-neu-nue.jpg","articleSection":["Aktuelles"],"inLanguage":"de"},{"@type":"WebPage","@id":"https:\/\/sportsforfuture.de\/de\/aktuelles\/fuer-klimaschutz-duerfen-wir-uns-alle-einsetzen\/","url":"https:\/\/sportsforfuture.de\/de\/aktuelles\/fuer-klimaschutz-duerfen-wir-uns-alle-einsetzen\/","name":"\u201eF\u00fcr Klimaschutz d\u00fcrfen wir uns alle einsetzen\u201c - Sports For Future","isPartOf":{"@id":"https:\/\/sportsforfuture.de\/de\/#website"},"primaryImageOfPage":{"@id":"https:\/\/sportsforfuture.de\/de\/aktuelles\/fuer-klimaschutz-duerfen-wir-uns-alle-einsetzen\/#primaryimage"},"image":{"@id":"https:\/\/sportsforfuture.de\/de\/aktuelles\/fuer-klimaschutz-duerfen-wir-uns-alle-einsetzen\/#primaryimage"},"thumbnailUrl":"https:\/\/sportsforfuture.de\/wp-content\/uploads\/2023\/10\/carlotta-neu-nue.jpg","datePublished":"2022-10-05T11:26:00+00:00","dateModified":"2023-10-19T11:28:53+00:00","breadcrumb":{"@id":"https:\/\/sportsforfuture.de\/de\/aktuelles\/fuer-klimaschutz-duerfen-wir-uns-alle-einsetzen\/#breadcrumb"},"inLanguage":"de","potentialAction":[{"@type":"ReadAction","target":["https:\/\/sportsforfuture.de\/de\/aktuelles\/fuer-klimaschutz-duerfen-wir-uns-alle-einsetzen\/"]}]},{"@type":"ImageObject","inLanguage":"de","@id":"https:\/\/sportsforfuture.de\/de\/aktuelles\/fuer-klimaschutz-duerfen-wir-uns-alle-einsetzen\/#primaryimage","url":"https:\/\/sportsforfuture.de\/wp-content\/uploads\/2023\/10\/carlotta-neu-nue.jpg","contentUrl":"https:\/\/sportsforfuture.de\/wp-content\/uploads\/2023\/10\/carlotta-neu-nue.jpg","width":800,"height":601},{"@type":"BreadcrumbList","@id":"https:\/\/sportsforfuture.de\/de\/aktuelles\/fuer-klimaschutz-duerfen-wir-uns-alle-einsetzen\/#breadcrumb","itemListElement":[{"@type":"ListItem","position":1,"name":"Startseite","item":"https:\/\/sportsforfuture.de\/"},{"@type":"ListItem","position":2,"name":"\u201eF\u00fcr Klimaschutz d\u00fcrfen wir uns alle einsetzen\u201c"}]},{"@type":"WebSite","@id":"https:\/\/sportsforfuture.de\/de\/#website","url":"https:\/\/sportsforfuture.de\/de\/","name":"Sports For Future","description":"#EinerF\u00fcrAlleAlleF\u00fcrsKlima","publisher":{"@id":"https:\/\/sportsforfuture.de\/de\/#organization"},"potentialAction":[{"@type":"SearchAction","target":{"@type":"EntryPoint","urlTemplate":"https:\/\/sportsforfuture.de\/de\/?s={search_term_string}"},"query-input":{"@type":"PropertyValueSpecification","valueRequired":true,"valueName":"search_term_string"}}],"inLanguage":"de"},{"@type":"Organization","@id":"https:\/\/sportsforfuture.de\/de\/#organization","name":"Sports For Future","url":"https:\/\/sportsforfuture.de\/de\/","logo":{"@type":"ImageObject","inLanguage":"de","@id":"https:\/\/sportsforfuture.de\/de\/#\/schema\/logo\/image\/","url":"https:\/\/sportsforfuture.de\/wp-content\/uploads\/2023\/04\/logo-sports-for-future.png","contentUrl":"https:\/\/sportsforfuture.de\/wp-content\/uploads\/2023\/04\/logo-sports-for-future.png","width":1084,"height":251,"caption":"Sports For Future"},"image":{"@id":"https:\/\/sportsforfuture.de\/de\/#\/schema\/logo\/image\/"}},{"@type":"Person","@id":"https:\/\/sportsforfuture.de\/de\/#\/schema\/person\/7c34ab12b99fe7c6851d936f8a34cecc","name":"Antonia B\u00f6ckmann","url":"https:\/\/sportsforfuture.de\/de\/author\/antonia\/"}]}},"_links":{"self":[{"href":"https:\/\/sportsforfuture.de\/de\/wp-json\/wp\/v2\/posts\/10077","targetHints":{"allow":["GET"]}}],"collection":[{"href":"https:\/\/sportsforfuture.de\/de\/wp-json\/wp\/v2\/posts"}],"about":[{"href":"https:\/\/sportsforfuture.de\/de\/wp-json\/wp\/v2\/types\/post"}],"author":[{"embeddable":true,"href":"https:\/\/sportsforfuture.de\/de\/wp-json\/wp\/v2\/users\/3"}],"replies":[{"embeddable":true,"href":"https:\/\/sportsforfuture.de\/de\/wp-json\/wp\/v2\/comments?post=10077"}],"version-history":[{"count":5,"href":"https:\/\/sportsforfuture.de\/de\/wp-json\/wp\/v2\/posts\/10077\/revisions"}],"predecessor-version":[{"id":10083,"href":"https:\/\/sportsforfuture.de\/de\/wp-json\/wp\/v2\/posts\/10077\/revisions\/10083"}],"wp:featuredmedia":[{"embeddable":true,"href":"https:\/\/sportsforfuture.de\/de\/wp-json\/wp\/v2\/media\/10078"}],"wp:attachment":[{"href":"https:\/\/sportsforfuture.de\/de\/wp-json\/wp\/v2\/media?parent=10077"}],"wp:term":[{"taxonomy":"category","embeddable":true,"href":"https:\/\/sportsforfuture.de\/de\/wp-json\/wp\/v2\/categories?post=10077"},{"taxonomy":"post_tag","embeddable":true,"href":"https:\/\/sportsforfuture.de\/de\/wp-json\/wp\/v2\/tags?post=10077"}],"curies":[{"name":"wp","href":"https:\/\/api.w.org\/{rel}","templated":true}]}}